{"id":267,"date":"2023-02-01T12:04:50","date_gmt":"2023-02-01T11:04:50","guid":{"rendered":"https:\/\/lesilluminations.com\/?p=267"},"modified":"2025-03-05T14:30:13","modified_gmt":"2025-03-05T13:30:13","slug":"267","status":"publish","type":"post","link":"https:\/\/lesilluminations.com\/index.php\/2023\/02\/01\/267\/","title":{"rendered":"Le Jardin d&rsquo;Afrique"},"content":{"rendered":"\n<div class=\"wp-block-cover alignfull\" style=\"margin-top:0px;padding-top:0px;padding-bottom:0vw;min-height:1330px;aspect-ratio:unset;\"><span aria-hidden=\"true\" class=\"wp-block-cover__background has-background-background-color has-background-dim-0 has-background-dim\"><\/span><img loading=\"lazy\" decoding=\"async\" width=\"1708\" height=\"2560\" class=\"wp-block-cover__image-background wp-image-18\" alt=\"\" src=\"https:\/\/lesilluminations.com\/wp-content\/uploads\/2022\/08\/L1050716-2-scaled.jpg\" style=\"object-position:50% 47%\" data-object-fit=\"cover\" data-object-position=\"50% 47%\" srcset=\"https:\/\/lesilluminations.com\/wp-content\/uploads\/2022\/08\/L1050716-2-scaled.jpg 1708w, https:\/\/lesilluminations.com\/wp-content\/uploads\/2022\/08\/L1050716-2-200x300.jpg 200w, https:\/\/lesilluminations.com\/wp-content\/uploads\/2022\/08\/L1050716-2-683x1024.jpg 683w, https:\/\/lesilluminations.com\/wp-content\/uploads\/2022\/08\/L1050716-2-768x1151.jpg 768w, https:\/\/lesilluminations.com\/wp-content\/uploads\/2022\/08\/L1050716-2-1025x1536.jpg 1025w, https:\/\/lesilluminations.com\/wp-content\/uploads\/2022\/08\/L1050716-2-1367x2048.jpg 1367w\" sizes=\"auto, (max-width: 1708px) 100vw, 1708px\" \/><div class=\"wp-block-cover__inner-container is-layout-flow wp-block-cover-is-layout-flow\">\n<div style=\"height:0px\" aria-hidden=\"true\" class=\"wp-block-spacer\"><\/div>\n\n\n\n<h2 class=\"wp-block-heading has-text-align-right has-background-color has-text-color\" style=\"margin-top:0px;margin-right:40px;line-height:1\">JARDIN D&rsquo;AFRIQUE<\/h2>\n\n\n\n<h2 class=\"wp-block-heading has-text-align-right has-primary-color has-text-color has-medium-font-size\" style=\"margin-right:40px\"><em>Cr\u00e9ation de Benjamin Attahir<\/em><\/h2>\n\n\n\n<div style=\"height:100px\" aria-hidden=\"true\" class=\"wp-block-spacer\"><\/div>\n\n\n\n<div class=\"wp-block-columns is-layout-flex wp-container-core-columns-is-layout-a3296110 wp-block-columns-is-layout-flex\" style=\"padding-right:40px;padding-left:40px\">\n<div class=\"wp-block-column is-layout-flow wp-block-column-is-layout-flow\">\n<p class=\"has-background-color has-text-color has-small-font-size\"><strong>&nbsp;Le Jardin d\u2019Afrique, lieu-dit pour un non-dit : <\/strong><br><strong>une publication et l\u2019oeuvre de rencontres plurielles. <\/strong><br><\/p>\n\n\n\n<p class=\"has-background-color has-text-color has-small-font-size\">D\u2019abord celle entre Rachid Kora\u00efchi, Isabelle Junca et Aur\u00e9lie Allexandre d\u2019Albronn au sein des \u00e9ditions Al Manar. Puis d\u2019une semaine pass\u00e9e dans le Jardin \u2013 espace temps en soi. <\/p>\n\n\n\n<p><\/p>\n\n\n\n<p class=\"has-background-color has-text-color has-small-font-size\">L\u00e0-bas s\u2019amorce un dialogue muet devant les tombes, m\u00eal\u00e9 d\u2019un autre, fragile et respectueux, o\u00f9 les voix des migrants vivants qui t\u00e9moignent font \u00e9cho \u00e0 celles des auteures, pour tisser la trame d\u2019un livret. <\/p>\n\n\n\n<p><\/p>\n\n\n\n<p class=\"has-background-color has-text-color has-small-font-size\">Au terme de ce parcours, une forme po\u00e9tique, des images, un rythme et des sons, pour rendre hommages aux invit\u00e9s de ce lieu, \u00ab des \u00e9toiles filantes \u00bb.<\/p>\n<\/div>\n\n\n\n<div class=\"wp-block-column is-layout-flow wp-block-column-is-layout-flow\" style=\"padding-right:40px\">\n<p class=\"has-background-color has-text-color has-small-font-size\"><strong>Une oeuvre lyrique de Benjamin Attahir :<\/strong><\/p>\n\n\n\n<p><\/p>\n\n\n\n<p class=\"has-background-color has-text-color has-small-font-size\"><em>\u00ab Quand j&rsquo;ai pris connaissance du projet des Illuminations autour du Jardin d&rsquo;Afrique de Rachid Kora\u00efchi, je me suis plong\u00e9 dans la lecture du livret et j&rsquo;ai ressenti comme un appel. Ou plut\u00f4t l&rsquo;urgence de composer. La musique est ce langage sans fronti\u00e8re, \u00e0 la port\u00e9e universelle, pouvant faire entendre cette douleur qui nous concerne tous et qui hurle dans le vide. <\/em><br><br><em>Trois violoncelles, une voix de femme, triangle et carr\u00e9 qui composent le chiffre sept \u00e0 l&rsquo;architecture sacr\u00e9e. <\/em><br><br><em>Une instrumentation par multiple de trois viendra orchestrer et d\u00e9velopper cette premi\u00e8re forme que j&rsquo;ai choisie pour sa profondeur de timbre et sa force lyrique. <\/em><br><br><em>La douleur donc, mais pas seulement. La douleur et l\u2019espoir de ceux qui, vivants, tissent leurs parcours et \u00e9crivent un pr\u00e9sent.<\/em><br><br><em> Je veux donner \u00e0 entendre la force d\u2019un puissant engagement pour la vie et essaierai de faire r\u00e9sonner ce lieu du lien. \u00bb<\/em><\/p>\n\n\n\n<div style=\"height:63px\" aria-hidden=\"true\" class=\"wp-block-spacer\"><\/div>\n\n\n\n<p class=\"has-text-align-left has-primary-color has-text-color\" style=\"font-size:0.8rem\">\u2022 Benjamin ATTAHIR | <em>Compositeur<\/em><\/p>\n\n\n\n<p class=\"has-text-align-left has-primary-color has-text-color\" style=\"font-size:0.8rem\"><br>\u2022 P\u00e9n\u00e9lope DRIANT | <em>Mise en sc\u00e8ne<\/em>;<br>\u2022 Cl\u00e9mence DE VERGNETTE | <em>Sc\u00e9nographie<\/em>;<br><br>\u2022 Igor BOUIN, Raquel CAMARINHA, Aimery LEF\u00c8VRE | <em>Voix<\/em>;<br><br>\u2022 Cyprien Noisette | <em>Percussions<\/em>;<br>\u2022 Coline JAGET | <em>Harpe<\/em>;<br>\u2022 Romain FALIK | <em>Th\u00e9orbe et Oud<\/em>;<br>\u2022 Florian GAZAGNE | <em>Basson et fl\u00fbtes<\/em>;<br>\u2022 Florian GAZAGNE | <em>Fl\u00fbte traversi\u00e8re<\/em>;<br>\u2022 Patrick WIBART | <em>Saxhorn et Serpent<\/em>;<br>\u2022 Aur\u00e9lie ALLEXANDRE D&rsquo;ALBRONN, Justine METRAL, Hanna SALZENSTEIN | <em>Violoncelles<\/em>;<\/p>\n<\/div>\n<\/div>\n<\/div><\/div>\n","protected":false},"excerpt":{"rendered":"","protected":false},"author":2,"featured_media":0,"comment_status":"open","ping_status":"open","sticky":true,"template":"blank","format":"standard","meta":{"footnotes":""},"categories":[5],"tags":[],"class_list":["post-267","post","type-post","status-publish","format-standard","hentry","category-distribution"],"_links":{"self":[{"href":"https:\/\/lesilluminations.com\/index.php\/wp-json\/wp\/v2\/posts\/267","targetHints":{"allow":["GET"]}}],"collection":[{"href":"https:\/\/lesilluminations.com\/index.php\/wp-json\/wp\/v2\/posts"}],"about":[{"href":"https:\/\/lesilluminations.com\/index.php\/wp-json\/wp\/v2\/types\/post"}],"author":[{"embeddable":true,"href":"https:\/\/lesilluminations.com\/index.php\/wp-json\/wp\/v2\/users\/2"}],"replies":[{"embeddable":true,"href":"https:\/\/lesilluminations.com\/index.php\/wp-json\/wp\/v2\/comments?post=267"}],"version-history":[{"count":11,"href":"https:\/\/lesilluminations.com\/index.php\/wp-json\/wp\/v2\/posts\/267\/revisions"}],"predecessor-version":[{"id":634,"href":"https:\/\/lesilluminations.com\/index.php\/wp-json\/wp\/v2\/posts\/267\/revisions\/634"}],"wp:attachment":[{"href":"https:\/\/lesilluminations.com\/index.php\/wp-json\/wp\/v2\/media?parent=267"}],"wp:term":[{"taxonomy":"category","embeddable":true,"href":"https:\/\/lesilluminations.com\/index.php\/wp-json\/wp\/v2\/categories?post=267"},{"taxonomy":"post_tag","embeddable":true,"href":"https:\/\/lesilluminations.com\/index.php\/wp-json\/wp\/v2\/tags?post=267"}],"curies":[{"name":"wp","href":"https:\/\/api.w.org\/{rel}","templated":true}]}}